{"id":1039,"date":"2023-05-05T09:13:51","date_gmt":"2023-05-05T09:13:51","guid":{"rendered":"https:\/\/rfv-koenen.de\/?p=1039"},"modified":"2023-05-05T09:13:51","modified_gmt":"2023-05-05T09:13:51","slug":"fruehlingsfest-am-7-mai-2023","status":"publish","type":"post","link":"https:\/\/rfv-koenen.de\/?p=1039","title":{"rendered":"Fr\u00fchlingsfest am 7. Mai 2023"},"content":{"rendered":"\n<p><strong>Der Reit- und Fahrverein St. Georg K\u00f6nen e.V. l\u00e4dt Euch herzlich zu seinem diesj\u00e4hrigen Fr\u00fchlingsfest am 7. Mai 2023 ein !<\/strong><\/p>\n\n\n\n<p>Bei\u00a0Ponyspielen, Schnitzeljagd und Ponyreiten\u00a0wird es viel Spa\u00df f\u00fcr die Kids geben. Au\u00dferdem findet in diesem Jahr eine\u00a0gro\u00dfe Tombola mit tollen Preisen\u00a0sowie ein\u00a0Flohmarkt statt,\u00a0zu dem wir sehr gerne noch Standanmeldungen entgegennehmen.<\/p>\n\n\n\n<p>Die Teilnahme am Flohmarkt ist f\u00fcr alle offen.\u00a0Es d\u00fcrfen nicht nur Pferdeartikel und Reiterequipment verkauft werden, sondern gerne auch andere sch\u00f6ne Dinge.\u00a0Die Standgeb\u00fchr betr\u00e4gt 8\u20ac f\u00fcr einen 2&#215;2 Meter Stand und 10\u20ac f\u00fcr einen 2&#215;4 Meter Stand.\u00a0Die Standgeb\u00fchr kann von Vereinsmitgliedern zur H\u00e4lfte durch eine Kuchen- oder Salatspende ersetzt werden.<\/p>\n\n\n\n<p><strong>Wer mit einem Stand am Flohmarkt teilnehmen m\u00f6chte, kann sich bis zum\u00a05. Mai 2023\u00a0unter<\/strong> <strong><a class=\"\" href=\"mailto:faber-michelle@t-online.de\">faber-michelle@t-online.de<\/a>\u00a0oder\u00a0<a class=\"\" href=\"https:\/\/www.facebook.com\/rfvkoenen\">https:\/\/www.facebook.com\/rfvkoenen<\/a>\u00a0anmelden.<\/strong>\u00a0Tische und St\u00fchle k\u00f6nnen nicht gestellt werden; der Aufbau sollte vor Beginn der Veranstaltung erfolgen.<\/p>\n\n\n\n<p>Beim Fr\u00fchlingsfest wird&nbsp;mit Leckereien vom Grill und Salaten&nbsp;f\u00fcr Euer leibliches Wohl gesorgt. Dazu gibt es Kaffee und Kuchen sowie k\u00fchle Softdrinks.<\/p>\n\n\n\n<p>Wir freuen uns darauf, Euch am Fr\u00fchlingsfest begr\u00fc\u00dfen zu d\u00fcrfen!\u00a0<\/p>\n","protected":false},"excerpt":{"rendered":"<p>Der Reit- und Fahrverein St. Georg K\u00f6nen e.V. l\u00e4dt Euch herzlich zu seinem diesj\u00e4hrigen Fr\u00fchlingsfest am 7. Mai 2023 ein ! Bei\u00a0Ponyspielen, Schnitzeljagd und Ponyreiten\u00a0wird es viel Spa\u00df f\u00fcr die Kids geben. Au\u00dferdem findet in diesem Jahr eine\u00a0gro\u00dfe Tombola mit tollen Preisen\u00a0sowie ein\u00a0Flohmarkt statt,\u00a0zu dem wir sehr gerne noch Standanmeldungen entgegennehmen. Die Teilnahme am Flohmarkt &hellip; <\/p>\n<p class=\"link-more\"><a href=\"https:\/\/rfv-koenen.de\/?p=1039\" class=\"more-link\"><span class=\"screen-reader-text\">\u201eFr\u00fchlingsfest am 7. Mai 2023\u201c <\/span>weiterlesen<\/a><\/p>\n","protected":false},"author":1,"featured_media":1044,"comment_status":"closed","ping_status":"closed","sticky":false,"template":"","format":"standard","meta":{"footnotes":""},"categories":[18],"tags":[],"class_list":["post-1039","post","type-post","status-publish","format-standard","has-post-thumbnail","hentry","category-aktuelles"],"_links":{"self":[{"href":"https:\/\/rfv-koenen.de\/index.php?rest_route=\/wp\/v2\/posts\/1039","targetHints":{"allow":["GET"]}}],"collection":[{"href":"https:\/\/rfv-koenen.de\/index.php?rest_route=\/wp\/v2\/posts"}],"about":[{"href":"https:\/\/rfv-koenen.de\/index.php?rest_route=\/wp\/v2\/types\/post"}],"author":[{"embeddable":true,"href":"https:\/\/rfv-koenen.de\/index.php?rest_route=\/wp\/v2\/users\/1"}],"replies":[{"embeddable":true,"href":"https:\/\/rfv-koenen.de\/index.php?rest_route=%2Fwp%2Fv2%2Fcomments&post=1039"}],"version-history":[{"count":5,"href":"https:\/\/rfv-koenen.de\/index.php?rest_route=\/wp\/v2\/posts\/1039\/revisions"}],"predecessor-version":[{"id":1045,"href":"https:\/\/rfv-koenen.de\/index.php?rest_route=\/wp\/v2\/posts\/1039\/revisions\/1045"}],"wp:featuredmedia":[{"embeddable":true,"href":"https:\/\/rfv-koenen.de\/index.php?rest_route=\/wp\/v2\/media\/1044"}],"wp:attachment":[{"href":"https:\/\/rfv-koenen.de\/index.php?rest_route=%2Fwp%2Fv2%2Fmedia&parent=1039"}],"wp:term":[{"taxonomy":"category","embeddable":true,"href":"https:\/\/rfv-koenen.de\/index.php?rest_route=%2Fwp%2Fv2%2Fcategories&post=1039"},{"taxonomy":"post_tag","embeddable":true,"href":"https:\/\/rfv-koenen.de\/index.php?rest_route=%2Fwp%2Fv2%2Ftags&post=1039"}],"curies":[{"name":"wp","href":"https:\/\/api.w.org\/{rel}","templated":true}]}}