{"id":1387,"date":"2024-10-18T15:44:28","date_gmt":"2024-10-18T15:44:28","guid":{"rendered":"https:\/\/rfv-koenen.de\/?p=1387"},"modified":"2024-10-18T15:46:28","modified_gmt":"2024-10-18T15:46:28","slug":"herbstritt-2024-zum-koenener-rundfels-und-zurueck","status":"publish","type":"post","link":"https:\/\/rfv-koenen.de\/?p=1387","title":{"rendered":"Herbstritt 2024: Durch die W\u00e4lder zum &#8222;Rundfels&#8220; und zur\u00fcck"},"content":{"rendered":"\n<p>Unser traditioneller Herbstritt am 6. Oktober 2024 fand bei perfektem Reitwetter statt. 13 Reiterinnen und Reiter machten sich bei perfektem Herbstwetter vom Reitstall aus auf den Weg durch die K\u00f6nener W\u00e4lder bis zum &#8222;Rundfels&#8220;, hoch \u00fcber der Hammer Saarschleife gelegen.&nbsp;<\/p>\n\n\n\n<p>Am Herbstritt nahmen neben den vereinsinternen Reitern auch mehrere Gastreiter teil. Es wurde in den drei Gangarten Schritt, Trab und Galopp geritten.<\/p>\n\n\n\n<p>Beim Rundfels angekommen gab es neben der tollen Aussicht \u00fcber das Saartal eine ausgedehnte Rast f\u00fcr Reiter und Pferde, bevor es wieder zur\u00fcck zum Reitstall ging.<\/p>\n\n\n\n<p>Dort wurden die Reiter mit leckerem, selbst gemachtem Wurstgulasch und Chili sin Carne erwartet, und f\u00fcr die Pferde gab es Gras auf den Paddocks. Gemeinsam konnten wir den sonnigen Herbsttag im Reiterst\u00fcbchen gem\u00fctlich ausklingen lassen.<\/p>\n\n\n\n<p>Wir bedanken uns bei allen Reitern f\u00fcr ihr Kommen und freuen uns schon auf den Herbstritt 2025.<\/p>\n\n\n\n<figure class=\"wp-block-image size-large\"><img loading=\"lazy\" decoding=\"async\" width=\"1024\" height=\"682\" src=\"https:\/\/rfv-koenen.de\/wp-content\/uploads\/2024\/10\/image00009_klein-1024x682.jpg\" alt=\"\" class=\"wp-image-1400\" srcset=\"https:\/\/rfv-koenen.de\/wp-content\/uploads\/2024\/10\/image00009_klein-1024x682.jpg 1024w, https:\/\/rfv-koenen.de\/wp-content\/uploads\/2024\/10\/image00009_klein-300x200.jpg 300w, https:\/\/rfv-koenen.de\/wp-content\/uploads\/2024\/10\/image00009_klein-768x512.jpg 768w, https:\/\/rfv-koenen.de\/wp-content\/uploads\/2024\/10\/image00009_klein-1536x1024.jpg 1536w, https:\/\/rfv-koenen.de\/wp-content\/uploads\/2024\/10\/image00009_klein.jpg 1772w\" sizes=\"auto, (max-width: 706px) 89vw, (max-width: 767px) 82vw, 740px\" \/><\/figure>\n\n\n\n<figure class=\"wp-block-image size-large\"><img loading=\"lazy\" decoding=\"async\" width=\"1024\" height=\"682\" src=\"https:\/\/rfv-koenen.de\/wp-content\/uploads\/2024\/10\/image00001_klein-1024x682.jpg\" alt=\"\" class=\"wp-image-1394\" srcset=\"https:\/\/rfv-koenen.de\/wp-content\/uploads\/2024\/10\/image00001_klein-1024x682.jpg 1024w, https:\/\/rfv-koenen.de\/wp-content\/uploads\/2024\/10\/image00001_klein-300x200.jpg 300w, https:\/\/rfv-koenen.de\/wp-content\/uploads\/2024\/10\/image00001_klein-768x512.jpg 768w, https:\/\/rfv-koenen.de\/wp-content\/uploads\/2024\/10\/image00001_klein-1536x1024.jpg 1536w, https:\/\/rfv-koenen.de\/wp-content\/uploads\/2024\/10\/image00001_klein.jpg 1772w\" sizes=\"auto, (max-width: 706px) 89vw, (max-width: 767px) 82vw, 740px\" \/><\/figure>\n\n\n\n<figure class=\"wp-block-image size-large\"><img loading=\"lazy\" decoding=\"async\" width=\"1024\" height=\"682\" src=\"https:\/\/rfv-koenen.de\/wp-content\/uploads\/2024\/10\/image00003_klein-1024x682.jpg\" alt=\"\" class=\"wp-image-1396\" srcset=\"https:\/\/rfv-koenen.de\/wp-content\/uploads\/2024\/10\/image00003_klein-1024x682.jpg 1024w, https:\/\/rfv-koenen.de\/wp-content\/uploads\/2024\/10\/image00003_klein-300x200.jpg 300w, https:\/\/rfv-koenen.de\/wp-content\/uploads\/2024\/10\/image00003_klein-768x512.jpg 768w, https:\/\/rfv-koenen.de\/wp-content\/uploads\/2024\/10\/image00003_klein-1536x1024.jpg 1536w, https:\/\/rfv-koenen.de\/wp-content\/uploads\/2024\/10\/image00003_klein.jpg 1772w\" sizes=\"auto, (max-width: 706px) 89vw, (max-width: 767px) 82vw, 740px\" \/><\/figure>\n\n\n\n<figure class=\"wp-block-image size-large\"><img loading=\"lazy\" decoding=\"async\" width=\"1024\" height=\"682\" src=\"https:\/\/rfv-koenen.de\/wp-content\/uploads\/2024\/10\/image00002_klein-1024x682.jpg\" alt=\"\" class=\"wp-image-1395\" srcset=\"https:\/\/rfv-koenen.de\/wp-content\/uploads\/2024\/10\/image00002_klein-1024x682.jpg 1024w, https:\/\/rfv-koenen.de\/wp-content\/uploads\/2024\/10\/image00002_klein-300x200.jpg 300w, https:\/\/rfv-koenen.de\/wp-content\/uploads\/2024\/10\/image00002_klein-768x512.jpg 768w, https:\/\/rfv-koenen.de\/wp-content\/uploads\/2024\/10\/image00002_klein-1536x1024.jpg 1536w, https:\/\/rfv-koenen.de\/wp-content\/uploads\/2024\/10\/image00002_klein.jpg 1772w\" sizes=\"auto, (max-width: 706px) 89vw, (max-width: 767px) 82vw, 740px\" \/><\/figure>\n\n\n\n<figure class=\"wp-block-image size-large\"><img loading=\"lazy\" decoding=\"async\" width=\"1024\" height=\"682\" src=\"https:\/\/rfv-koenen.de\/wp-content\/uploads\/2024\/10\/image00007_klein-1024x682.jpg\" alt=\"\" class=\"wp-image-1398\" srcset=\"https:\/\/rfv-koenen.de\/wp-content\/uploads\/2024\/10\/image00007_klein-1024x682.jpg 1024w, https:\/\/rfv-koenen.de\/wp-content\/uploads\/2024\/10\/image00007_klein-300x200.jpg 300w, https:\/\/rfv-koenen.de\/wp-content\/uploads\/2024\/10\/image00007_klein-768x512.jpg 768w, https:\/\/rfv-koenen.de\/wp-content\/uploads\/2024\/10\/image00007_klein-1536x1024.jpg 1536w, https:\/\/rfv-koenen.de\/wp-content\/uploads\/2024\/10\/image00007_klein.jpg 1772w\" sizes=\"auto, (max-width: 706px) 89vw, (max-width: 767px) 82vw, 740px\" \/><\/figure>\n\n\n\n<figure class=\"wp-block-image size-large\"><img loading=\"lazy\" decoding=\"async\" width=\"1024\" height=\"682\" src=\"https:\/\/rfv-koenen.de\/wp-content\/uploads\/2024\/10\/image00004_klein-1024x682.jpg\" alt=\"\" class=\"wp-image-1397\" srcset=\"https:\/\/rfv-koenen.de\/wp-content\/uploads\/2024\/10\/image00004_klein-1024x682.jpg 1024w, https:\/\/rfv-koenen.de\/wp-content\/uploads\/2024\/10\/image00004_klein-300x200.jpg 300w, https:\/\/rfv-koenen.de\/wp-content\/uploads\/2024\/10\/image00004_klein-768x512.jpg 768w, https:\/\/rfv-koenen.de\/wp-content\/uploads\/2024\/10\/image00004_klein-1536x1024.jpg 1536w, https:\/\/rfv-koenen.de\/wp-content\/uploads\/2024\/10\/image00004_klein.jpg 1772w\" sizes=\"auto, (max-width: 706px) 89vw, (max-width: 767px) 82vw, 740px\" \/><\/figure>\n\n\n\n<figure class=\"wp-block-image size-large\"><img loading=\"lazy\" decoding=\"async\" width=\"1024\" height=\"682\" src=\"https:\/\/rfv-koenen.de\/wp-content\/uploads\/2024\/10\/image00008_klein-1024x682.jpg\" alt=\"\" class=\"wp-image-1399\" srcset=\"https:\/\/rfv-koenen.de\/wp-content\/uploads\/2024\/10\/image00008_klein-1024x682.jpg 1024w, https:\/\/rfv-koenen.de\/wp-content\/uploads\/2024\/10\/image00008_klein-300x200.jpg 300w, https:\/\/rfv-koenen.de\/wp-content\/uploads\/2024\/10\/image00008_klein-768x512.jpg 768w, https:\/\/rfv-koenen.de\/wp-content\/uploads\/2024\/10\/image00008_klein-1536x1024.jpg 1536w, https:\/\/rfv-koenen.de\/wp-content\/uploads\/2024\/10\/image00008_klein.jpg 1772w\" sizes=\"auto, (max-width: 706px) 89vw, (max-width: 767px) 82vw, 740px\" \/><\/figure>\n","protected":false},"excerpt":{"rendered":"<p>Unser traditioneller Herbstritt am 6. Oktober 2024 fand bei perfektem Reitwetter statt. 13 Reiterinnen und Reiter machten sich bei perfektem Herbstwetter vom Reitstall aus auf den Weg durch die K\u00f6nener W\u00e4lder bis zum &#8222;Rundfels&#8220;, hoch \u00fcber der Hammer Saarschleife gelegen.&nbsp; Am Herbstritt nahmen neben den vereinsinternen Reitern auch mehrere Gastreiter teil. Es wurde in den &hellip; <\/p>\n<p class=\"link-more\"><a href=\"https:\/\/rfv-koenen.de\/?p=1387\" class=\"more-link\"><span class=\"screen-reader-text\">\u201eHerbstritt 2024: Durch die W\u00e4lder zum &#8222;Rundfels&#8220; und zur\u00fcck\u201c <\/span>weiterlesen<\/a><\/p>\n","protected":false},"author":1,"featured_media":1397,"comment_status":"closed","ping_status":"closed","sticky":false,"template":"","format":"standard","meta":{"footnotes":""},"categories":[18],"tags":[66,33,31,52,53],"class_list":["post-1387","post","type-post","status-publish","format-standard","has-post-thumbnail","hentry","category-aktuelles","tag-herbstritt","tag-koenen","tag-pferd","tag-reiten","tag-reitverein"],"_links":{"self":[{"href":"https:\/\/rfv-koenen.de\/index.php?rest_route=\/wp\/v2\/posts\/1387","targetHints":{"allow":["GET"]}}],"collection":[{"href":"https:\/\/rfv-koenen.de\/index.php?rest_route=\/wp\/v2\/posts"}],"about":[{"href":"https:\/\/rfv-koenen.de\/index.php?rest_route=\/wp\/v2\/types\/post"}],"author":[{"embeddable":true,"href":"https:\/\/rfv-koenen.de\/index.php?rest_route=\/wp\/v2\/users\/1"}],"replies":[{"embeddable":true,"href":"https:\/\/rfv-koenen.de\/index.php?rest_route=%2Fwp%2Fv2%2Fcomments&post=1387"}],"version-history":[{"count":12,"href":"https:\/\/rfv-koenen.de\/index.php?rest_route=\/wp\/v2\/posts\/1387\/revisions"}],"predecessor-version":[{"id":1408,"href":"https:\/\/rfv-koenen.de\/index.php?rest_route=\/wp\/v2\/posts\/1387\/revisions\/1408"}],"wp:featuredmedia":[{"embeddable":true,"href":"https:\/\/rfv-koenen.de\/index.php?rest_route=\/wp\/v2\/media\/1397"}],"wp:attachment":[{"href":"https:\/\/rfv-koenen.de\/index.php?rest_route=%2Fwp%2Fv2%2Fmedia&parent=1387"}],"wp:term":[{"taxonomy":"category","embeddable":true,"href":"https:\/\/rfv-koenen.de\/index.php?rest_route=%2Fwp%2Fv2%2Fcategories&post=1387"},{"taxonomy":"post_tag","embeddable":true,"href":"https:\/\/rfv-koenen.de\/index.php?rest_route=%2Fwp%2Fv2%2Ftags&post=1387"}],"curies":[{"name":"wp","href":"https:\/\/api.w.org\/{rel}","templated":true}]}}