{"id":1554,"date":"2026-03-05T15:54:33","date_gmt":"2026-03-05T15:54:33","guid":{"rendered":"https:\/\/rfv-koenen.de\/?p=1554"},"modified":"2026-03-05T15:54:33","modified_gmt":"2026-03-05T15:54:33","slug":"danke-katrin-willkommen-kim","status":"publish","type":"post","link":"https:\/\/rfv-koenen.de\/?p=1554","title":{"rendered":"Danke Katrin, willkommen Kim !"},"content":{"rendered":"\n<p>Nach mehr als 15 Dienstjahren geht unsere Katrin Kellendonk seit dem 1. M\u00e4rz als selbstst\u00e4ndige Tierheilpraktikerin und Tierosteopathin neue berufliche Wege. Sie steht uns somit nicht mehr als Reitlehrerin zur Verf\u00fcgung (mit Ausnahme des Donnerstagvormittags). Katrin wird ihr Amt als Gesch\u00e4ftsf\u00fchrerin und 2. Vorstandsvorsitzende unseres Reitvereins jedoch weiterf\u00fchren, so dass wir auch in Zukunft auf ihre Kompetenzen z\u00e4hlen k\u00f6nnen!<\/p>\n\n\n\n<p>Die gute Nachricht: Wir konnten eine neue Reitlehrerin engagieren! Wir freuen uns sehr, dass Kim Stege seit dem 1. M\u00e4rz unser Reitlehrer-Team verst\u00e4rkt. Kim hat unter anderem eine Ausbildung als Reitlehrerin und Pferdefachwirtin und langj\u00e4hrige Erfahrung mit Pferden. Einige von euch kennen sie bereits vom Reitunterricht im vergangenen Jahr.\u00a0Zu Kim\u2019s Aufgaben geh\u00f6ren neben der Erteilung des Reitunterrichts auch die Organisation der Reitstunden.<\/p>\n\n\n\n<p>Ab sofort wird der Reitunterricht von folgenden Reitlehrern erteilt:<\/p>\n\n\n\n<p>Montagnachmittags: Viviane Loedts<\/p>\n\n\n\n<p>Dienstagnachmittags: Timo Krapp<\/p>\n\n\n\n<p>Mittwochnachmittags: Kim Stege<\/p>\n\n\n\n<p>Donnerstagvormittags: Katrin Kellendonk<\/p>\n\n\n\n<p>Donnerstagnachmittags: Kim Stege<\/p>\n\n\n\n<p>Freitagnachmittags: Lia Hommes<\/p>\n\n\n\n<p>Samstagvormittags: Kim Stege<\/p>\n\n\n\n<p><strong>Der RFV St. Georg K\u00f6nen e.V. bedankt sich ganz herzlich bei Katrin f\u00fcr ihren \u00fcber viele Jahre unerm\u00fcdlichen Einsatz f\u00fcr unsere Reitsch\u00fcler und den Verein. Wir w\u00fcnschen Katrin von Herzen alles Gute und viel Erfolg f\u00fcr ihre weitere berufliche Zukunft!<\/strong><\/p>\n\n\n\n<p><strong>Unserer neuen Reitlehrerin Kim w\u00fcnschen wir viel Spa\u00df mit unseren Reitsch\u00fclern und Schulpferden und viel Erfolg beim Reitunterricht!<\/strong><\/p>\n","protected":false},"excerpt":{"rendered":"<p>Nach mehr als 15 Dienstjahren geht unsere Katrin Kellendonk seit dem 1. M\u00e4rz als selbstst\u00e4ndige Tierheilpraktikerin und Tierosteopathin neue berufliche Wege. Sie steht uns somit nicht mehr als Reitlehrerin zur Verf\u00fcgung (mit Ausnahme des Donnerstagvormittags). Katrin wird ihr Amt als Gesch\u00e4ftsf\u00fchrerin und 2. Vorstandsvorsitzende unseres Reitvereins jedoch weiterf\u00fchren, so dass wir auch in Zukunft auf &hellip; <\/p>\n<p class=\"link-more\"><a href=\"https:\/\/rfv-koenen.de\/?p=1554\" class=\"more-link\"><span class=\"screen-reader-text\">\u201eDanke Katrin, willkommen Kim !\u201c <\/span>weiterlesen<\/a><\/p>\n","protected":false},"author":1,"featured_media":1095,"comment_status":"closed","ping_status":"closed","sticky":false,"template":"","format":"standard","meta":{"footnotes":""},"categories":[18],"tags":[33,31,52,53],"class_list":["post-1554","post","type-post","status-publish","format-standard","has-post-thumbnail","hentry","category-aktuelles","tag-koenen","tag-pferd","tag-reiten","tag-reitverein"],"_links":{"self":[{"href":"https:\/\/rfv-koenen.de\/index.php?rest_route=\/wp\/v2\/posts\/1554","targetHints":{"allow":["GET"]}}],"collection":[{"href":"https:\/\/rfv-koenen.de\/index.php?rest_route=\/wp\/v2\/posts"}],"about":[{"href":"https:\/\/rfv-koenen.de\/index.php?rest_route=\/wp\/v2\/types\/post"}],"author":[{"embeddable":true,"href":"https:\/\/rfv-koenen.de\/index.php?rest_route=\/wp\/v2\/users\/1"}],"replies":[{"embeddable":true,"href":"https:\/\/rfv-koenen.de\/index.php?rest_route=%2Fwp%2Fv2%2Fcomments&post=1554"}],"version-history":[{"count":1,"href":"https:\/\/rfv-koenen.de\/index.php?rest_route=\/wp\/v2\/posts\/1554\/revisions"}],"predecessor-version":[{"id":1555,"href":"https:\/\/rfv-koenen.de\/index.php?rest_route=\/wp\/v2\/posts\/1554\/revisions\/1555"}],"wp:featuredmedia":[{"embeddable":true,"href":"https:\/\/rfv-koenen.de\/index.php?rest_route=\/wp\/v2\/media\/1095"}],"wp:attachment":[{"href":"https:\/\/rfv-koenen.de\/index.php?rest_route=%2Fwp%2Fv2%2Fmedia&parent=1554"}],"wp:term":[{"taxonomy":"category","embeddable":true,"href":"https:\/\/rfv-koenen.de\/index.php?rest_route=%2Fwp%2Fv2%2Fcategories&post=1554"},{"taxonomy":"post_tag","embeddable":true,"href":"https:\/\/rfv-koenen.de\/index.php?rest_route=%2Fwp%2Fv2%2Ftags&post=1554"}],"curies":[{"name":"wp","href":"https:\/\/api.w.org\/{rel}","templated":true}]}}